{"id":7,"date":"2012-11-06T14:40:39","date_gmt":"2012-11-06T13:40:39","guid":{"rendered":"http:\/\/www.pedagorisk.net\/enseignants\/?p=7"},"modified":"2016-03-07T13:46:47","modified_gmt":"2016-03-07T12:46:47","slug":"programmes-scolaires","status":"publish","type":"post","link":"http:\/\/www.pedagorisk.net\/enseignants\/programmes-scolaires\/","title":{"rendered":"Programmes Scolaires"},"content":{"rendered":"<p>&nbsp;<\/p>\n<p>Les programmes d&rsquo;enseignement sont publi\u00e9s dans le <a href=\"http:\/\/www.education.gouv.fr\/pid285\/le-bulletin-officiel.html\" target=\"_blank\">Bulletin officiel<\/a> du minist\u00e8re en charge de l&rsquo;\u00c9ducation nationale.<\/p>\n<p><a href=\"http:\/\/crdp.ac-amiens.fr\/textesofficielsedd\/index.php\/risques-majeurs\/186-risques-majeurs-et-catastrophes-naturelles-dans-les-programmes-desnseignement\" target=\"_blank\">Le CRDP de l&rsquo;Acad\u00e9mie d&rsquo;Amiens<\/a> &#8211; P\u00f4le national de comp\u00e9tence \u00ab\u00a0\u00c9ducation au d\u00e9veloppement durable\u00a0\u00bb, propose des liens utiles r\u00e9actualis\u00e9s chaque ann\u00e9e en fonction des programmes scolaires.<\/p>\n<p>&nbsp;<\/p>\n<p><strong>Les risques naturels et l&rsquo;EDD de l&rsquo;\u00e9cole \u00e0 la 3\u00e8me \u00e0 compter de <a href=\"http:\/\/crdp.ac-amiens.fr\/textesofficielsedd\/index.php\/risques-majeurs\/1620-2015-09-23-07-47-45\" target=\"_blank\">2016\/2017<\/a><br \/>\n<\/strong><br \/>\n<span style=\"text-decoration: underline;\"><strong>* Les risques majeurs \u00e0 l&rsquo;\u00e9cole primaire<\/strong><\/span><\/p>\n<p><a href=\"http:\/\/www.education.gouv.fr\/bo\/2008\/hs3\/programme_maternelle.htm\" target=\"_blank\">Programme de l&rsquo;\u00e9cole maternelle<\/a> &#8211; Petite section, Moyenne section, Grande section<br \/>\nBulletin officiel hors-s\u00e9rie n\u00b0 3 du 19 juin 2008.<\/p>\n<p>&nbsp;<\/p>\n<p><a href=\"http:\/\/www.education.gouv.fr\/bo\/2008\/hs3\/programme_CP_CE1.htm\" target=\"_blank\">Cycle des apprentissages fondamentaux <\/a>&#8211; Programme du CP et du CE1<br \/>\nBulletin officiel hors-s\u00e9rie du 19 juin 2008<\/p>\n<p>&nbsp;<\/p>\n<p><a href=\"http:\/\/www.education.gouv.fr\/bo\/2008\/hs3\/programme_CE2_CM1_CM2.htm\" target=\"_blank\">Cycle des approfondissements<\/a> &#8211; Programme du CE2, du CM1 et du CM2<br \/>\nProgramme des \u00ab\u00a0Sciences exp\u00e9rimentales et technologie\u00a0\u00bb<br \/>\nBulletin officiel hors-s\u00e9rie du 19 juin 2008<\/p>\n<p>&nbsp;<\/p>\n<p>Programmes d&rsquo;enseignement : <a href=\"http:\/\/www.education.gouv.fr\/pid25535\/bulletin_officiel.html?cid_bo=58619\" target=\"_blank\">modification<\/a><br \/>\nBulletin officiel n\u00b0 1 du 5 janvier 2012<\/p>\n<p>&nbsp;<\/p>\n<p><a href=\"http:\/\/www.education.gouv.fr\/pid25535\/bulletin_officiel.html?cid_bo=73193\" target=\"_blank\">Instructions p\u00e9dagogiques<\/a> : D\u00e9marche globale de d\u00e9veloppement durable dans les \u00e9coles et les \u00e9tablissements scolaires (E3D) &#8211; R\u00e9f\u00e9rentiel de mise en \u0153uvre et de labellisation (2013)<\/p>\n<p>&nbsp;<\/p>\n<p>&nbsp;<\/p>\n<p><span style=\"text-decoration: underline;\"><strong>* Les risques majeurs au coll\u00e8ge<\/strong><\/span><\/p>\n<p>Programme d&rsquo;enseignement d&rsquo;<a href=\"http:\/\/www.education.gouv.fr\/cid22116\/mene0817481a.html\" target=\"_blank\">histoire-g\u00e9ographie-\u00e9ducation civique<\/a> pour les classes de sixi\u00e8me, de cinqui\u00e8me, et de quatri\u00e8me. (Suppression dans les programmes de troisi\u00e8me &#8211;<a href=\"http:\/\/www.education.gouv.fr\/pid25535\/bulletin_officiel.html?cid_bo=74789\" target=\"_blank\">BO n\u00b0 42 du 14 novembre 2013<\/a>-).<br \/>\nBulletin officiel sp\u00e9cial n\u00b0 6 du 28 ao\u00fbt 2008<\/p>\n<p>&nbsp;<\/p>\n<p>Programme des enseignements de math\u00e9matiques, de <a href=\"http:\/\/www.education.gouv.fr\/cid22120\/mene0817023a.html\" target=\"_blank\">physique-chimie, de sciences de la vie et de la Terre<\/a>, de technologie pour les classes de sixi\u00e8me, de cinqui\u00e8me, de quatri\u00e8me et de troisi\u00e8me du coll\u00e8ge.<br \/>\nBulletin officiel sp\u00e9cial n\u00b0 6 du 28 ao\u00fbt 2008<\/p>\n<p>&nbsp;<\/p>\n<p><a href=\"http:\/\/www.education.gouv.fr\/pid25535\/bulletin_officiel.html?cid_bo=73193\" target=\"_blank\">Instructions p\u00e9dagogiques<\/a> : D\u00e9marche globale de d\u00e9veloppement durable dans les \u00e9coles et les \u00e9tablissements scolaires (E3D) &#8211; R\u00e9f\u00e9rentiel de mise en \u0153uvre et de labellisation (2013)<\/p>\n<p>&nbsp;<\/p>\n<p>&nbsp;<\/p>\n<p><span style=\"text-decoration: underline;\"><strong>* Les risques majeurs au lyc\u00e9e<\/strong><\/span><\/p>\n<p>Classes de seconde g\u00e9n\u00e9rale et technologique:<\/p>\n<ul>\n<li>Programme d&rsquo;enseignement de <a href=\"http:\/\/www.education.gouv.fr\/cid51319\/mene1007274a.html\" target=\"_blank\">sciences de la vie et de la Terre<\/a> (Bulletin officiel sp\u00e9cial n\u00b0 4 du 29 avril 2010)<\/li>\n<li>Programme d&rsquo;enseignement d&rsquo;<a href=\"http:\/\/www.education.gouv.fr\/cid51320\/mene1007258a.html\" target=\"_blank\">histoire-g\u00e9ographie<\/a> (Bulletin officiel sp\u00e9cial n\u00b0 4 du 29 avril 2010)<\/li>\n<\/ul>\n<p>&nbsp;<\/p>\n<p>Programme d&rsquo;enseignement sp\u00e9cifique de sciences de la vie et de la Terre en <a href=\"http:\/\/www.education.gouv.fr\/cid53328\/mene1019701a.html\" target=\"_blank\">classe de premi\u00e8re de la s\u00e9rie scientifique<\/a> (Bulletin officiel sp\u00e9cial n\u00b0 9 du 30\/09\/2010)<\/p>\n<p>&nbsp;<\/p>\n<p>Classes pr\u00e9paratoires au Certificat d&rsquo;aptitude professionnelle (CAP) :<\/p>\n<ul>\n<li>Programme d&rsquo;enseignement d&rsquo;<a href=\"http:\/\/www.education.gouv.fr\/cid50636\/mene0925419a.html\" target=\"_blank\">histoire-g\u00e9ographie-\u00e9ducation civique<\/a> (Bulletin officiel n\u00b0 8 du 25 f\u00e9vrier 2010)<\/li>\n<li>Programme d&rsquo;enseignement de <a href=\"http:\/\/www.education.gouv.fr\/cid28926\/mene0913410a.html\" target=\"_blank\">Pr\u00e9vention Sant\u00e9 Environnement<\/a> pour les classes pr\u00e9paratoires au certificat d&rsquo;aptitude professionnelle (Bulletin officiel n\u00b0 30 du 23 juillet 2009)<\/li>\n<\/ul>\n<p>&nbsp;<\/p>\n<p>Classes pr\u00e9paratoires au baccalaur\u00e9at professionnel :<\/p>\n<ul>\n<li>Programme d&rsquo;enseignement de l&rsquo;<a href=\"http:\/\/www.education.gouv.fr\/cid23837\/mene0829944a.html\" target=\"_blank\">histoire &#8211; g\u00e9ographie &#8211; \u00e9ducation civique<\/a> pour les classes pr\u00e9paratoires au baccalaur\u00e9at professionnel. (Bulletin officiel n\u00b0 2 du 19 f\u00e9vrier 2009).<\/li>\n<li>Programme d&rsquo;enseignement de <a href=\"http:\/\/www.education.gouv.fr\/cid23838\/mene0829947a.html\" target=\"_blank\">Pr\u00e9vention Sant\u00e9 Environnemen<\/a>t pour les classes pr\u00e9paratoires au baccalaur\u00e9at professionnel. (Bulletin officiel sp\u00e9cial n\u00b0 3 du 19 f\u00e9vrier 2009).<\/li>\n<\/ul>\n<p>&nbsp;<\/p>\n<p>&nbsp;<\/p>\n<p>&nbsp;<\/p>\n","protected":false},"excerpt":{"rendered":"<p>&nbsp; Les programmes d&rsquo;enseignement sont publi\u00e9s dans le Bulletin officiel du minist\u00e8re en charge de l&rsquo;\u00c9ducation nationale. Le CRDP de l&rsquo;Acad\u00e9mie d&rsquo;Amiens &#8211; P\u00f4le national de comp\u00e9tence \u00ab\u00a0\u00c9ducation au d\u00e9veloppement durable\u00a0\u00bb, propose des liens utiles r\u00e9actualis\u00e9s chaque ann\u00e9e en fonction des programmes scolaires. &nbsp; Les risques naturels et l&rsquo;EDD de \u2026 <a href=\"http:\/\/www.pedagorisk.net\/enseignants\/programmes-scolaires\/\"> Continue reading <span class=\"meta-nav\">&rarr; <\/span><\/a><\/p>\n","protected":false},"author":1,"featured_media":740,"comment_status":"closed","ping_status":"open","sticky":false,"template":"","format":"standard","meta":[],"categories":[1],"tags":[],"_links":{"self":[{"href":"http:\/\/www.pedagorisk.net\/enseignants\/wp-json\/wp\/v2\/posts\/7"}],"collection":[{"href":"http:\/\/www.pedagorisk.net\/enseignants\/wp-json\/wp\/v2\/posts"}],"about":[{"href":"http:\/\/www.pedagorisk.net\/enseignants\/wp-json\/wp\/v2\/types\/post"}],"author":[{"embeddable":true,"href":"http:\/\/www.pedagorisk.net\/enseignants\/wp-json\/wp\/v2\/users\/1"}],"replies":[{"embeddable":true,"href":"http:\/\/www.pedagorisk.net\/enseignants\/wp-json\/wp\/v2\/comments?post=7"}],"version-history":[{"count":23,"href":"http:\/\/www.pedagorisk.net\/enseignants\/wp-json\/wp\/v2\/posts\/7\/revisions"}],"predecessor-version":[{"id":591,"href":"http:\/\/www.pedagorisk.net\/enseignants\/wp-json\/wp\/v2\/posts\/7\/revisions\/591"}],"wp:featuredmedia":[{"embeddable":true,"href":"http:\/\/www.pedagorisk.net\/enseignants\/wp-json\/wp\/v2\/media\/740"}],"wp:attachment":[{"href":"http:\/\/www.pedagorisk.net\/enseignants\/wp-json\/wp\/v2\/media?parent=7"}],"wp:term":[{"taxonomy":"category","embeddable":true,"href":"http:\/\/www.pedagorisk.net\/enseignants\/wp-json\/wp\/v2\/categories?post=7"},{"taxonomy":"post_tag","embeddable":true,"href":"http:\/\/www.pedagorisk.net\/enseignants\/wp-json\/wp\/v2\/tags?post=7"}],"curies":[{"name":"wp","href":"https:\/\/api.w.org\/{rel}","templated":true}]}}