{"id":35,"date":"2012-11-06T14:25:51","date_gmt":"2012-11-06T13:25:51","guid":{"rendered":"http:\/\/www.pedagorisk.net\/enseignants\/?p=35"},"modified":"2013-10-10T14:21:16","modified_gmt":"2013-10-10T13:21:16","slug":"multimedia","status":"publish","type":"post","link":"http:\/\/www.pedagorisk.net\/enseignants\/multimedia\/","title":{"rendered":"Espace Multim\u00e9dia"},"content":{"rendered":"<p>&nbsp;<\/p>\n<p>&nbsp;<\/p>\n<p><a href=\"http:\/\/www.lesbonsreflexes.com\/\" target=\"_blank\"><img loading=\"lazy\" class=\"alignleft size-full wp-image-1422\" alt=\"Les_bons_reflexes\" src=\"http:\/\/www.pedagorisk.net\/enseignants\/wp-content\/uploads\/2012\/11\/Les_bons_reflexes.jpg\" width=\"150\" height=\"105\" \/><\/a>Le site officiel de <a href=\"http:\/\/www.lesbonsreflexes.com\/index.php\" target=\"_blank\">la campagne d\u2019information 2013 en Rh\u00f4ne-Alpes<\/a> sur les <strong>risques industriels<\/strong> met \u00e0 disposition l\u2019ensemble des supports et m\u00e9dias utilis\u00e9s (grand public et scolaires) : \u00e9couter le signal d\u2019alerte et de fin d\u2019alerte, t\u00e9l\u00e9charger le dessin anim\u00e9 \u00ab\u00a0Arlette, la tortue d\u2019alerte\u00a0\u00bb, jouer au Serious Game @.L.E.R.T.E\u2026(Onglet \u00ab\u00a0Ressources\u00a0\u00bb). Une rubrique est tout sp\u00e9cialement d\u00e9di\u00e9e aux <a href=\"http:\/\/www.lesbonsreflexes.com\/ressources-enseignants.html\" target=\"_blank\">ressources pour les enseignants.<\/a><\/p>\n<p>&nbsp;<\/p>\n<p>&nbsp;<\/p>\n<p><a href=\"http:\/\/www.irma-grenoble.com\/06sorties_pedagogiques\/03exposition_index.php\" target=\"_blank\"><img loading=\"lazy\" class=\"alignleft size-full wp-image-702\" title=\"irma_expo\" alt=\"\" src=\"http:\/\/www.pedagorisk.net\/enseignants\/wp-content\/uploads\/2012\/11\/irma_expo.jpg\" width=\"150\" height=\"100\" \/>Expositions photos et panneaux <\/a>: L&rsquo;IRMa met \u00e0 la disposition des communes et des \u00e9tablissements scolaires qui le souhaitent (sous r\u00e9serve d&rsquo;\u00eatre adh\u00e9rent) 4 expositions photos et panneaux portant sur le risque inondation et les actions de pr\u00e9vention.<\/p>\n<p>&nbsp;<\/p>\n<p>&nbsp;<\/p>\n<p>&nbsp;<\/p>\n<p><a href=\"http:\/\/www.irma-grenoble.com\/05documentation\/03phototheque_index.php\" target=\"_blank\"><img loading=\"lazy\" class=\"alignleft size-full wp-image-1270\" alt=\"irma_expo\" src=\"http:\/\/www.pedagorisk.net\/enseignants\/wp-content\/uploads\/2012\/11\/irma_expo1.jpg\" width=\"150\" height=\"100\" \/>La phototh\u00e8que de l&rsquo;IRMa<\/a> : L&rsquo;IRMa\u00a0 propose une phototh\u00e8que comment\u00e9e qui s&rsquo;appuie sur un travail de terrain et sur la collecte aupr\u00e8s de diff\u00e9rents acteurs des risques ou de particuliers de photographies sur diff\u00e9rents th\u00e8mes (catastrophes naturelles, pr\u00e9vention\/protection, risques technologiques, sites \u00e0 risques, gestion de crise).<a href=\"http:\/\/www.irma-grenoble.com\/05documentation\/03phototheque_rubrique.php?id_rubrique=1\"><br \/>\n<\/a><\/p>\n<p>&nbsp;<\/p>\n<p>&nbsp;<\/p>\n<p>&nbsp;<\/p>\n<p><a href=\"http:\/\/www.risques.tv\/index.php\" target=\"_blank\"><img loading=\"lazy\" class=\"alignleft size-full wp-image-704\" title=\"risques_tv\" alt=\"\" src=\"http:\/\/www.pedagorisk.net\/enseignants\/wp-content\/uploads\/2012\/11\/risques_tv.jpg\" width=\"150\" height=\"101\" \/><\/a><a href=\"http:\/\/www.risques.tv\/index.php\" target=\"_blank\">Risques.tv<\/a> : une web tv \u00e0 part enti\u00e8re sur les risques en Rh\u00f4ne-Alpes propose une approche p\u00e9dagogique et informationnelle des risques. (IRMa)<\/p>\n<p>&nbsp;<\/p>\n<p>&nbsp;<\/p>\n<p>&nbsp;<\/p>\n<p>&nbsp;<\/p>\n<p><a href=\"http:\/\/www.risques.tv\/video.php?id_DTvideo=275\" target=\"_blank\"><img loading=\"lazy\" class=\"alignleft size-full wp-image-1005\" alt=\"risque_fiction\" src=\"http:\/\/www.pedagorisk.net\/enseignants\/wp-content\/uploads\/2012\/11\/risque_fiction.jpg\" width=\"150\" height=\"101\" \/>\u00ab\u00a0Risque vs Fiction\u00a0\u00bb <\/a>: est une \u00e9mission de d\u00e9cryptage et de vulgarisation scientifique des risques dans les films catastrophes. Cette \u00e9mission est r\u00e9alis\u00e9e par l&rsquo;IRMa pour sa web tv.<\/p>\n<p>&nbsp;<\/p>\n<p>&nbsp;<\/p>\n<p>&nbsp;<\/p>\n<p>&nbsp;<\/p>\n<p><a href=\"http:\/\/www.irma-grenoble.com\/05documentation\/07mallettes_risque.php?id_risque=4\" target=\"_blank\"><img loading=\"lazy\" class=\"alignleft  wp-image-705\" title=\"irma_pedago_risque_sism\" alt=\"\" src=\"http:\/\/www.pedagorisk.net\/enseignants\/wp-content\/uploads\/2012\/11\/irma_pedago_risque_sism1.jpg\" width=\"150\" height=\"101\" \/><\/a><a href=\"http:\/\/www.irma-grenoble.com\/05documentation\/07mallettes_risque.php?id_risque=4\" target=\"_blank\">CD-rom p\u00e9dagogique \u00ab\u00a0Risque sismique\u00a0\u00bb<\/a> : Ce CD-rom contient des fiches informatives et p\u00e9dagogiques pour aider les enseignants de coll\u00e8ge \u00e0 aborder le th\u00e8me du risque sismique. Les fiches p\u00e9dagogiques sont des suggestions d\u2019exercice qui peuvent \u00eatre remani\u00e9es en fonction de la d\u00e9marche d\u2019acquisition des connaissances mise en place par les enseignants.<\/p>\n<p>&nbsp;<\/p>\n<p>&nbsp;<\/p>\n<p>&nbsp;<\/p>\n<p><a href=\"http:\/\/www.planseisme.fr\/SISMIK-Le-Magazine-du-risque-sismique-et-du-risque,1434.html\" target=\"_blank\"><img loading=\"lazy\" class=\"alignleft size-full wp-image-864\" alt=\"plan_seisme\" src=\"http:\/\/www.pedagorisk.net\/enseignants\/wp-content\/uploads\/2012\/11\/plan_seisme.jpg\" width=\"150\" height=\"101\" \/>SISMIK \u2013 Le Magazine du risque sismique et du risque volcanique<\/a> :\u00a014 reportages r\u00e9alis\u00e9s dans le cadre du volet \u00ab\u00a0immat\u00e9riel\u00a0\u00bb du Plan S\u00e9isme Antilles, (actions de sensibilisation, d\u2019information et de communication -op\u00e9rations \u00ab\u00a0SISMIK\u00a0\u00bb-) pr\u00e9sentent le risque sismique en Guadeloupe.<\/p>\n<p>&nbsp;<\/p>\n<p>&nbsp;<\/p>\n<p>&nbsp;<\/p>\n<p><a href=\"http:\/\/www.universcience-vod.fr\/media\/1351\/les-risques-volcaniques.html?spage=1&amp;search=risques%20volcaniques#\" target=\"_blank\"><img loading=\"lazy\" class=\"alignleft size-full wp-image-934\" alt=\"universciences\" src=\"http:\/\/www.pedagorisk.net\/enseignants\/wp-content\/uploads\/2012\/11\/universciences.jpg\" width=\"150\" height=\"101\" \/>Universcience.tv<\/a> : la webtv scientifique met en ligne diverses vid\u00e9os sur des th\u00e8mes scientifiques. Exemple des risques volcaniques expliqu\u00e9s par<a href=\"http:\/\/www.futura-sciences.com\/fr\/biographie\/t\/volcanologie-3\/d\/bardintzeff_80\/\" target=\"_blank\"> Jacques-Marie Bardintzeff<\/a>, volcanologue.<\/p>\n<p>&nbsp;<\/p>\n<p>&nbsp;<\/p>\n<p>&nbsp;<\/p>\n<p>&nbsp;<\/p>\n<p><a href=\"http:\/\/www.risquesmajeurs.com\/\" target=\"_blank\"><img loading=\"lazy\" class=\"alignleft  wp-image-706\" title=\"risques_majeurs_cd\" alt=\"\" src=\"http:\/\/www.pedagorisk.net\/enseignants\/wp-content\/uploads\/2012\/11\/risques_majeurs_cd.jpg\" width=\"150\" height=\"100\" \/><\/a><a href=\"http:\/\/www.risquesmajeurs.com\/\" target=\"_blank\">CD-rom p\u00e9dagogique sur la pr\u00e9vention des risques majeurs en Rh\u00f4ne-Alpes<\/a><\/p>\n<p>&nbsp;<\/p>\n<p>&nbsp;<\/p>\n<p>&nbsp;<\/p>\n<p>&nbsp;<\/p>\n<p>&nbsp;<\/p>\n<p><a href=\"http:\/\/aleas.terre.tv\/fr\" target=\"_blank\"><img loading=\"lazy\" class=\"alignleft  wp-image-707\" title=\"aleas_tv\" alt=\"\" src=\"http:\/\/www.pedagorisk.net\/enseignants\/wp-content\/uploads\/2012\/11\/aleas_tv.jpg\" width=\"150\" height=\"100\" \/><\/a><a href=\"http:\/\/aleas.terre.tv\/fr\" target=\"_blank\">Al\u00e9as.tv<\/a> : AleasTv,\u00a0 cha\u00eene de la pr\u00e9vention des risques majeurs, est une cha\u00eene th\u00e9matique cr\u00e9e par l&rsquo;Association Science Fronti\u00e8res. Elle s&rsquo;adresse au grand-public dans une d\u00e9marche de vulgarisation.<\/p>\n<p>&nbsp;<\/p>\n<p>&nbsp;<\/p>\n<p>&nbsp;<\/p>\n<p><a href=\"http:\/\/www.cea.fr\/var\/cea\/storage\/static\/fr\/jeunes\/animation\/aLaLoupe\/tsunami\/tsunami.htm\" target=\"_blank\"><img loading=\"lazy\" class=\"alignleft size-full wp-image-708\" title=\"cea_anim_tsunami\" alt=\"\" src=\"http:\/\/www.pedagorisk.net\/enseignants\/wp-content\/uploads\/2012\/11\/cea_anim_tsunami1.jpg\" width=\"150\" height=\"100\" \/><\/a><\/p>\n<p><a href=\"http:\/\/www.cea.fr\/var\/cea\/storage\/static\/fr\/jeunes\/animation\/aLaLoupe\/tsunami\/tsunami.htm\" target=\"_blank\">\u00ab\u00a0Le tsunami\u00a0\u00bb<\/a> : Animations pour le jeune public sur les risques s\u00e9isme et tsunami (CEA).<\/p>\n<p>&nbsp;<\/p>\n<p>&nbsp;<\/p>\n<p>&nbsp;<\/p>\n<p>&nbsp;<\/p>\n<p><a href=\"http:\/\/fluctuat.premiere.fr\/Diaporamas\/Les-tsunamis-les-plus-devastateurs-3168746\" target=\"_blank\"><img loading=\"lazy\" class=\"alignleft  wp-image-709\" title=\"premiere_tsunamis\" alt=\"\" src=\"http:\/\/www.pedagorisk.net\/enseignants\/wp-content\/uploads\/2012\/11\/premiere_tsunamis.jpg\" width=\"150\" height=\"100\" \/><\/a><a href=\"http:\/\/fluctuat.premiere.fr\/Diaporamas\/Les-tsunamis-les-plus-devastateurs-3168746\" target=\"_blank\">R\u00e9trospective et photos des tsunamis les plus d\u00e9vastateurs depuis 1960 <\/a>(Premiere).<\/p>\n<p>&nbsp;<\/p>\n<p>&nbsp;<\/p>\n<p>&nbsp;<\/p>\n<p>&nbsp;<\/p>\n<p>&nbsp;<\/p>\n<p>&nbsp;<\/p>\n<p><a href=\"http:\/\/sismalp.obs.ujf-grenoble.fr\/photos\/photos.html\" target=\"_blank\"><img loading=\"lazy\" class=\"alignleft size-full wp-image-710\" title=\"sismalp_photos\" alt=\"\" src=\"http:\/\/www.pedagorisk.net\/enseignants\/wp-content\/uploads\/2012\/11\/sismalp_photos.jpg\" width=\"150\" height=\"100\" \/><\/a><a href=\"http:\/\/sismalp.obs.ujf-grenoble.fr\/photos\/photos.html\" target=\"_blank\">Photos de s\u00e9ismes en Rh\u00f4ne-Alpes, en France et dans le monde <\/a>(SISMALP).<\/p>\n<p>&nbsp;<\/p>\n<p>&nbsp;<\/p>\n<p>&nbsp;<\/p>\n<p>&nbsp;<\/p>\n<p>&nbsp;<\/p>\n<p><a href=\"http:\/\/www.risquesmajeurs.fr\/gonfreville-lorcher-face-aux-risques-majeurs\" target=\"_blank\"><img loading=\"lazy\" class=\"alignleft size-full wp-image-711\" title=\"gonfreville_prim\" alt=\"\" src=\"http:\/\/www.pedagorisk.net\/enseignants\/wp-content\/uploads\/2012\/11\/gonfreville_prim.jpg\" width=\"150\" height=\"101\" \/><\/a><a href=\"http:\/\/www.risquesmajeurs.fr\/gonfreville-lorcher-face-aux-risques-majeurs\" target=\"_blank\">\u00ab\u00a0Gonfreville l&rsquo;Orcher face aux risques majeurs\u00a0\u00bb<\/a> : un reportage vid\u00e9o sur la ville de Gonfreville l&rsquo;Orcher et la mise en place de son plan communal de sauvegarde.<\/p>\n<p>&nbsp;<\/p>\n<p>&nbsp;<\/p>\n<p>&nbsp;<\/p>\n<p>&nbsp;<\/p>\n<p><a href=\"http:\/\/www.risquesmajeurs.fr\/feyzin-ville-pilote-en-mati%C3%A8re-de-gestion-des-risques-majeurs\" target=\"_blank\"><img loading=\"lazy\" class=\"alignleft size-full wp-image-712\" title=\"feyzin_prim\" alt=\"\" src=\"http:\/\/www.pedagorisk.net\/enseignants\/wp-content\/uploads\/2012\/11\/feyzin_prim.jpg\" width=\"150\" height=\"100\" \/><\/a><a href=\"http:\/\/www.risquesmajeurs.fr\/feyzin-ville-pilote-en-mati%C3%A8re-de-gestion-des-risques-majeurs\" target=\"_blank\">\u00ab\u00a0Feyzin : ville pilote en mati\u00e8re de gestion des risques majeurs\u00a0\u00bb<\/a> : un reportage vid\u00e9o sur la ville de Feyzin et sa gestion face aux risques technologiques.<\/p>\n<p>&nbsp;<\/p>\n<p>&nbsp;<\/p>\n<p>&nbsp;<\/p>\n<p>&nbsp;<\/p>\n<p><a href=\"http:\/\/www.irstea.fr\/lespace-jeunesse\/videos\/chercheurs-deau\" target=\"_blank\"><img loading=\"lazy\" class=\"alignleft  wp-image-713\" title=\"irstea_espace_jeun\" alt=\"\" src=\"http:\/\/www.pedagorisk.net\/enseignants\/wp-content\/uploads\/2012\/11\/irstea_espace_jeun.jpg\" width=\"150\" height=\"101\" \/><\/a><\/p>\n<p><a href=\"http:\/\/www.irstea.fr\/lespace-jeunesse\/videos\/chercheurs-deau \" target=\"_blank\">Espace jeunesse de l&rsquo;Irstea<\/a> : Photos, posters, vid\u00e9os, l&rsquo;Irstea pr\u00e9sente dans un espace jeunesse, le r\u00e9sultat de ses recherches dans le domaine de l&rsquo;eau (conna\u00eetre les laves torrentielles, comprendre le bassin-versant, \u00e9valuer les risques d&rsquo;inondations\u2026).<\/p>\n<p>&nbsp;<\/p>\n<p>&nbsp;<\/p>\n<p>&nbsp;<\/p>\n<p><a href=\"http:\/\/www.risquesetsavoirs.fr\/\" target=\"_blank\"><img loading=\"lazy\" class=\"alignleft  wp-image-717\" title=\"risques_savoirs\" alt=\"\" src=\"http:\/\/www.pedagorisk.net\/enseignants\/wp-content\/uploads\/2012\/11\/risques_savoirs.jpg\" width=\"150\" height=\"99\" \/><\/a><a href=\"http:\/\/www.risquesetsavoirs.fr\/\" target=\"_blank\">\u00ab\u00a0Risques et Savoirs, devenir acteur de sa s\u00e9curit\u00e9\u00a0\u00bb<\/a> :\u00a0 Ce site compl\u00e8te les contenus de la revue \u00ab\u00a0Risques &amp; Savoirs\u00a0\u00bb, Il est possible de t\u00e9l\u00e9charger des vid\u00e9os.<\/p>\n<p>&nbsp;<\/p>\n<p>&nbsp;<\/p>\n<p>&nbsp;<\/p>\n<p>Milan presse propose un dossier sp\u00e9cial intitul\u00e9 <a href=\"http:\/\/1jour1actu.com\/?post_type=dossierclesactu&amp;p=127632&amp;IdTis=XTC-F88D-FJREZ8-DD-FFJSE2-S4DV\" target=\"_blank\">\u00ab\u00a0Fukushima 2 ans apr\u00e8s\u00a0\u00bb <\/a>qui met \u00e0 disposition un webdocumentaire afin de comprendre la catastrophe et des fiches p\u00e9dagogiques pour faire r\u00e9fl\u00e9chir les \u00e9l\u00e8ves sur des \u00e9l\u00e9ments du programme (\u00e9nergie, d\u00e9chets nucl\u00e9aires&#8230;).<\/p>\n<p>&nbsp;<\/p>\n<p>&nbsp;<\/p>\n<p><a href=\"http:\/\/www.cnrs.fr\/cw\/dossiers\/dosnucleaire\/index.htm\" target=\"_blank\"><img loading=\"lazy\" class=\"alignleft size-full wp-image-936\" alt=\"cnrs_energie_nucl\" src=\"http:\/\/www.pedagorisk.net\/enseignants\/wp-content\/uploads\/2012\/11\/cnrs_energie_nucl.jpg\" width=\"150\" height=\"99\" \/>Un dossier th\u00e9matique multim\u00e9dia du CNRS<\/a> : \u00ab\u00a0<strong>L&rsquo;\u00e9nergie nucl\u00e9aire<\/strong>, de la recherche fondamentale \u00e0 la soci\u00e9t\u00e9\u00a0\u00bb r\u00e9alise un \u00e9tat des lieux de l\u2019\u00e9nergie nucl\u00e9aire en France,et\u00a0 donne des cl\u00e9s pour participer au d\u00e9bat national sur la transition \u00e9nerg\u00e9tique. Quatre grandes th\u00e9matiques sont abord\u00e9es : d\u00e9couverte du ph\u00e9nom\u00e8ne de la radioactivit\u00e9 naturelle, production d&rsquo;\u00e9nergie nucl\u00e9aire, aspects soci\u00e9taux du nucl\u00e9aire dans le contexte post-Fukushima, futures technologies de production, de retraitement et de stockage.<\/p>\n<p>&nbsp;<\/p>\n<p>&nbsp;<\/p>\n<p>&nbsp;<\/p>\n<p><a href=\"http:\/\/www.andra.fr\/laradioactivite\/\" target=\"_blank\"><img loading=\"lazy\" class=\"alignleft size-full wp-image-901\" alt=\"andra_expo_radioactivit\u00e9\" src=\"http:\/\/www.pedagorisk.net\/enseignants\/wp-content\/uploads\/2012\/11\/andra_expo_radioactivit\u00e9.jpg\" width=\"150\" height=\"98\" \/>\u00ab\u00a0La radioactivit\u00e9 : de Homer \u00e0 Oppenheimer\u00a0\u00bb<\/a> : une exposition ludique et interactive r\u00e9alis\u00e9e par l&rsquo;ANDRA permet de mieux comprendre le ph\u00e9nom\u00e8ne de la radioactivit\u00e9 et ses applications. L&rsquo;exposition est labellis\u00e9e par le Comit\u00e9 national de la chimie 2011.<\/p>\n<p>&nbsp;<\/p>\n<p>&nbsp;<\/p>\n<p>&nbsp;<\/p>\n<p><a href=\"http:\/\/www.cndp.fr\/tdc\/tous-les-numeros\/paris-inonde.html\" target=\"_blank\"><img loading=\"lazy\" class=\"alignleft size-full wp-image-912\" alt=\"tdc\" src=\"http:\/\/www.pedagorisk.net\/enseignants\/wp-content\/uploads\/2012\/11\/tdc.jpg\" width=\"150\" height=\"101\" \/>TDC La revue des enseignants<\/a> consacre un num\u00e9ro sp\u00e9cial au 100\u00e8me anniversaire de la crue de la Seine en 1910. Des ressources p\u00e9dagogiques sur les actions de pr\u00e9vention et des vid\u00e9os sont propos\u00e9es parall\u00e8lement : <a title=\"Pays riches, pays pauvres face aux crues - Nouvelle fen\u00eatre\" href=\"http:\/\/www.cndp.fr\/tdc\/fileadmin\/docs\/tdc_990_paris_inonde\/fiche_pedagogique_ecole.pdf\" target=\"_blank\">Pays riches, pays pauvres face aux crues<\/a>, <a title=\"En attendant la grande crue - Nouvelle fen\u00eatre\" href=\"http:\/\/www.cndp.fr\/tdc\/fileadmin\/docs\/tdc_990_paris_inonde\/fiche_pedagogique.pdf\" target=\"_blank\">En attendant la grande crue.<\/a><\/p>\n<p>&nbsp;<\/p>\n<p>&nbsp;<\/p>\n<p>&nbsp;<\/p>\n<p><a href=\"http:\/\/crdp.ac-amiens.fr\/edd2\/index.php\/component\/content\/article\/67-confs-ecrits-2010\/385-risques-et-developpement-durable\" target=\"_blank\"><img loading=\"lazy\" class=\"alignleft size-full wp-image-932\" alt=\"risques_dd_veyret\" src=\"http:\/\/www.pedagorisk.net\/enseignants\/wp-content\/uploads\/2012\/11\/risques_dd_veyret.jpg\" width=\"150\" height=\"101\" \/>Risques et d\u00e9veloppement durable<\/a> : Yvette Veyret, Professeur de g\u00e9ographie \u00e0 l&rsquo;universit\u00e9 de Paris XII Nanterre, pr\u00e9sente diverses notions en relation avec les risques (vuln\u00e9rabilit\u00e9, r\u00e9silience&#8230;). Ces vid\u00e9os ont \u00e9t\u00e9 enregistr\u00e9es en mars 2010 au cours de La conf\u00e9rence \u00a0\u00bb Risques et d\u00e9veloppement durable\u00a0\u00bb, \u00e0 l&rsquo;Institut de g\u00e9ographie, Paris, lors du FORUM \u00ab\u00a0ENSEIGNER LE DEVELOPPEMENT DURABLE\u00a0\u00bb organis\u00e9 par le Comit\u00e9 National Fran\u00e7ais de G\u00e9ographie , l&rsquo;Inspection g\u00e9n\u00e9rale et l&rsquo;APHG (Association des Professeurs d&rsquo;Histoire-G\u00e9ographie).<\/p>\n<p>&nbsp;<\/p>\n<p>&nbsp;<\/p>\n<p><a href=\"http:\/\/www.preparezvous.eu\/front\/index.php\" target=\"_blank\"><img loading=\"lazy\" class=\"alignleft size-full wp-image-1377\" alt=\"Croix_Rouge\" src=\"http:\/\/www.pedagorisk.net\/enseignants\/wp-content\/uploads\/2012\/11\/Croix_Rouge.jpg\" width=\"150\" height=\"113\" \/><\/a>\u00ab\u00a0<a href=\"http:\/\/www.preparezvous.eu\/front\/index.php\" target=\"_blank\">Pr\u00e9parez-vous \u00e0 \u00eatre pr\u00eats !<\/a>\u00a0\u00bb Avec ce nouveau jeu de la Croix-Rouge fran\u00e7aise, vous allez pouvoir v\u00e9rifier si vous \u00eates bien pr\u00e9par\u00e9(e) aux situations d&rsquo;urgence.<\/p>\n<h5 data-ft=\"{&quot;type&quot;:1,&quot;tn&quot;:&quot;K&quot;}\"><\/h5>\n<p>&nbsp;<\/p>\n<p>&nbsp;<\/p>\n","protected":false},"excerpt":{"rendered":"<p>&nbsp; &nbsp; Le site officiel de la campagne d\u2019information 2013 en Rh\u00f4ne-Alpes sur les risques industriels met \u00e0 disposition l\u2019ensemble des supports et m\u00e9dias utilis\u00e9s (grand public et scolaires) : \u00e9couter le signal d\u2019alerte et de fin d\u2019alerte, t\u00e9l\u00e9charger le dessin anim\u00e9 \u00ab\u00a0Arlette, la tortue d\u2019alerte\u00a0\u00bb, jouer au Serious Game \u2026 <a href=\"http:\/\/www.pedagorisk.net\/enseignants\/multimedia\/\"> Continue reading <span class=\"meta-nav\">&rarr; <\/span><\/a><\/p>\n","protected":false},"author":1,"featured_media":491,"comment_status":"closed","ping_status":"open","sticky":false,"template":"","format":"standard","meta":[],"categories":[1],"tags":[],"_links":{"self":[{"href":"http:\/\/www.pedagorisk.net\/enseignants\/wp-json\/wp\/v2\/posts\/35"}],"collection":[{"href":"http:\/\/www.pedagorisk.net\/enseignants\/wp-json\/wp\/v2\/posts"}],"about":[{"href":"http:\/\/www.pedagorisk.net\/enseignants\/wp-json\/wp\/v2\/types\/post"}],"author":[{"embeddable":true,"href":"http:\/\/www.pedagorisk.net\/enseignants\/wp-json\/wp\/v2\/users\/1"}],"replies":[{"embeddable":true,"href":"http:\/\/www.pedagorisk.net\/enseignants\/wp-json\/wp\/v2\/comments?post=35"}],"version-history":[{"count":43,"href":"http:\/\/www.pedagorisk.net\/enseignants\/wp-json\/wp\/v2\/posts\/35\/revisions"}],"predecessor-version":[{"id":703,"href":"http:\/\/www.pedagorisk.net\/enseignants\/wp-json\/wp\/v2\/posts\/35\/revisions\/703"}],"wp:featuredmedia":[{"embeddable":true,"href":"http:\/\/www.pedagorisk.net\/enseignants\/wp-json\/wp\/v2\/media\/491"}],"wp:attachment":[{"href":"http:\/\/www.pedagorisk.net\/enseignants\/wp-json\/wp\/v2\/media?parent=35"}],"wp:term":[{"taxonomy":"category","embeddable":true,"href":"http:\/\/www.pedagorisk.net\/enseignants\/wp-json\/wp\/v2\/categories?post=35"},{"taxonomy":"post_tag","embeddable":true,"href":"http:\/\/www.pedagorisk.net\/enseignants\/wp-json\/wp\/v2\/tags?post=35"}],"curies":[{"name":"wp","href":"https:\/\/api.w.org\/{rel}","templated":true}]}}