{"id":26,"date":"2012-11-06T14:33:40","date_gmt":"2012-11-06T13:33:40","guid":{"rendered":"http:\/\/www.pedagorisk.net\/enseignants\/?p=26"},"modified":"2018-02-13T11:34:50","modified_gmt":"2018-02-13T10:34:50","slug":"consignes-de-securite","status":"publish","type":"post","link":"http:\/\/www.pedagorisk.net\/enseignants\/consignes-de-securite\/","title":{"rendered":"Consignes de s\u00e9curit\u00e9"},"content":{"rendered":"<p>&nbsp;<\/p>\n<p><span style=\"text-decoration: underline;\"><strong>Consignes individuelles de s\u00e9curit\u00e9 :<\/strong><\/span><\/p>\n<p>&nbsp;<\/p>\n<p><a href=\"http:\/\/www.irma-grenoble.com\/03risques_majeurs\/03consignes_index.php\" target=\"_blank\"><img loading=\"lazy\" class=\"alignleft  wp-image-677\" title=\"irma_picto\" alt=\"\" src=\"http:\/\/www.pedagorisk.net\/enseignants\/wp-content\/uploads\/2012\/11\/irma_picto.jpg\" width=\"150\" height=\"101\" \/><\/a><a href=\"http:\/\/www.irma-grenoble.com\/05documentation\/03consignes_index.php\" target=\"_blank\">Conna\u00eetre les pictogrammes des risques et les consignes de s\u00e9curit\u00e9, conna\u00eetre et \u00e9couter le signal d&rsquo;alerte<\/a>. (IRMa)<\/p>\n<p>&nbsp;<\/p>\n<p>&nbsp;<\/p>\n<p>&nbsp;<\/p>\n<p>&nbsp;<\/p>\n<p>&nbsp;<\/p>\n<p><span style=\"text-decoration: underline;\"><strong>Connaitre la sir\u00e8ne d&rsquo;alarme :<\/strong><\/span><\/p>\n<p>&nbsp;<\/p>\n<p><a href=\"http:\/\/www.interieur.gouv.fr\/A-votre-service\/Ma-securite\/Conseils-pratiques\/En-dehors-de-mon-domicile\/Les-sirenes-d-alerte\" target=\"_blank\"><img loading=\"lazy\" class=\"alignleft size-full wp-image-672\" title=\"mi_alerte\" alt=\"\" src=\"http:\/\/www.pedagorisk.net\/enseignants\/wp-content\/uploads\/2012\/11\/mi_alerte.jpg\" width=\"150\" height=\"99\" \/><\/a><a href=\"http:\/\/www.interieur.gouv.fr\/Alerte\/Savoir-reagir-a-l-alerte\/Comment-reconnaitre-le-signal-national-d-alerte\" target=\"_blank\">Les sir\u00e8nes d&rsquo;alertes<\/a> sur le site du minist\u00e8re de l&rsquo;Int\u00e9rieur.<\/p>\n<p>&nbsp;<\/p>\n<p>&nbsp;<\/p>\n<p>&nbsp;<\/p>\n<p>&nbsp;<\/p>\n<p>&nbsp;<\/p>\n<p><span style=\"text-decoration: underline;\"><strong>Connaitre les num\u00e9ros d&rsquo;urgences :<\/strong> <\/span><\/p>\n<p>&nbsp;<\/p>\n<p><a href=\"http:\/\/risques.gouv.fr\/risques-majeurs\/connaitre-les-numeros-durgence\" target=\"_blank\"><img loading=\"lazy\" class=\"alignleft size-full wp-image-676\" title=\"risques_majeurs_num_urgences\" alt=\"\" src=\"http:\/\/www.pedagorisk.net\/enseignants\/wp-content\/uploads\/2012\/11\/risques_majeurs_num_urgences1.jpg\" width=\"150\" height=\"102\" \/><\/a><\/p>\n<p><a href=\"http:\/\/risques.gouv.fr\/risques-majeurs\/connaitre-les-numeros-durgence\" target=\"_blank\">Les num\u00e9ros d&rsquo;appels d&rsquo;urgence<\/a> sur le Portail interminist\u00e9riel de pr\u00e9vention des risques majeurs.<\/p>\n<p>&nbsp;<\/p>\n<p>&nbsp;<\/p>\n<p>&nbsp;<\/p>\n<p>&nbsp;<\/p>\n<p><span style=\"text-decoration: underline;\"><strong>Que faire avant &#8211; pendant &#8211; apr\u00e8s un \u00e9v\u00e9nement ? :<\/strong><\/span><\/p>\n<p>&nbsp;<\/p>\n<p><a href=\"http:\/\/risques.gouv.fr\/\" target=\"_blank\"><img loading=\"lazy\" class=\"alignleft size-full wp-image-678\" title=\"risques_majeurs\" alt=\"\" src=\"http:\/\/www.pedagorisk.net\/enseignants\/wp-content\/uploads\/2012\/11\/risques_majeurs2.jpg\" width=\"150\" height=\"101\" \/><\/a><a href=\"http:\/\/risques.gouv.fr\/\" target=\"_blank\">Portail interminist\u00e9riel de pr\u00e9vention des risques majeurs<\/a> : Ce portail a pour objectif d\u2019apporter les connaissances n\u00e9cessaires et les comportements \u00e0 adopter en situation de crise. Chaque risque naturel, technologique et sanitaire, est pr\u00e9sent\u00e9 selon les rubriques\u00a0: comprendre le ph\u00e9nom\u00e8ne, se prot\u00e9ger avant, pendant et apr\u00e8s, en savoir plus.<\/p>\n<p>&nbsp;<\/p>\n<p>&nbsp;<\/p>\n<p>&nbsp;<\/p>\n<p><a href=\"http:\/\/www.francebleu.fr\/\"><img loading=\"lazy\" class=\"alignleft size-full wp-image-679\" title=\"bleu_isere\" alt=\"\" src=\"http:\/\/www.pedagorisk.net\/enseignants\/wp-content\/uploads\/2012\/11\/bleu_isere.jpg\" width=\"150\" height=\"101\" \/><\/a> <strong>Ecouter la radio<\/strong> : <a href=\"http:\/\/www.francebleu.fr\/\" target=\"_blank\">Les fr\u00e9quences de France Bleu.<\/a><\/p>\n<p>&nbsp;<\/p>\n<p>&nbsp;<\/p>\n<p>&nbsp;<\/p>\n<p>&nbsp;<\/p>\n<p><span style=\"text-decoration: underline;\"><strong>Quels comportements adopter ?<\/strong><\/span> :<\/p>\n<p>&nbsp;<\/p>\n<p><a href=\"http:\/\/www.irma-grenoble.com\/06publications\/01publications_risquesinfos_sommaire.php?id_risquesinfos=26\" target=\"_blank\">R<img loading=\"lazy\" class=\"alignleft size-full wp-image-683\" title=\"irma_risquesinfo_comportement\" alt=\"\" src=\"http:\/\/www.pedagorisk.net\/enseignants\/wp-content\/uploads\/2012\/11\/irma_risquesinfo_comportement.jpg\" width=\"150\" height=\"101\" \/>isques Infos N\u00b0 26 &#8211; d\u00e9c. 2010 <\/a>: Risques majeurs : quels comportements adopter (IRMa).<\/p>\n<p>&nbsp;<\/p>\n<p>&nbsp;<\/p>\n<p>&nbsp;<\/p>\n<p><a href=\"moz-extension:\/\/afaadc9b-009a-4e47-9af8-43be337a9bec\/app\/main\/main.html?action=show_diff&amp;id=677\" target=\"_blank\"><img loading=\"lazy\" class=\"alignleft size-full wp-image-1487\" alt=\"Min_interieur\" src=\"http:\/\/www.pedagorisk.net\/enseignants\/wp-content\/uploads\/2012\/11\/Min_interieur.jpg\" width=\"150\" height=\"111\" \/>En cas d&rsquo;alerte, comment r\u00e9agir ?<\/a> A faire ou ne pas faire. Le minist\u00e8re de l&rsquo;Int\u00e9rieur rappelle les bons comportements \u00e0 adopter.<\/p>\n<p>&nbsp;<\/p>\n<p>&nbsp;<\/p>\n<p>&nbsp;<\/p>\n<p>&nbsp;<\/p>\n<p><a href=\"http:\/\/www.interieur.gouv.fr\/Le-ministere\/La-Securite-civile#ressources\" target=\"_blank\"><img loading=\"lazy\" class=\"alignleft size-full wp-image-684\" title=\"mi_securite_civile\" alt=\"\" src=\"http:\/\/www.pedagorisk.net\/enseignants\/wp-content\/uploads\/2012\/11\/mi_securite_civile.jpg\" width=\"150\" height=\"101\" \/><\/a><a href=\"http:\/\/www.interieur.gouv.fr\/Le-ministere\/La-Securite-civile#ressources\" target=\"_blank\">Les enseignants et la S\u00e9curit\u00e9 Civile<\/a> (minist\u00e8re de l&rsquo;Int\u00e9rieur) : La Direction de la s\u00e9curit\u00e9 civile s\u2019emploie \u00e0 diffuser au sein des programmes scolaires la culture des risques et des comportements \u00e0 adopter face aux sinistres.<\/p>\n<p>&nbsp;<\/p>\n<p>&nbsp;<\/p>\n<p>&nbsp;<\/p>\n<p><a href=\"http:\/\/risques.gouv.fr\/risques-majeurs\/identifier-les-risques-letranger\" target=\"_blank\"><img loading=\"lazy\" class=\"alignleft  wp-image-686\" title=\"risques_majeurs_etranger\" alt=\"\" src=\"http:\/\/www.pedagorisk.net\/enseignants\/wp-content\/uploads\/2012\/11\/risques_majeurs_etranger.jpg\" width=\"150\" height=\"101\" \/><\/a><a href=\"http:\/\/risques.gouv.fr\/risques-majeurs\/identifier-les-risques-letranger\" target=\"_blank\">Identifier les risques \u00e0 l&rsquo;\u00e9tranger<\/a> : le Portail interminist\u00e9riel de pr\u00e9vention des risques majeurs r\u00e9pond aux questions : Comment identifier les risques \u00e0 l&rsquo;\u00e9tranger : De quel type d&rsquo;incident s&rsquo;agit-il ? La s\u00e9curit\u00e9 des Fran\u00e7ais \u00e0 l&rsquo;\u00e9tranger \/ Ariane: nouvel outil de pr\u00e9vention pour les voyageurs.<\/p>\n<p>&nbsp;<\/p>\n<p>&nbsp;<\/p>\n<p>&nbsp;<\/p>\n<p><a href=\"http:\/\/france.meteofrance.com\/vigilance\/Accueil\" target=\"_blank\"><img loading=\"lazy\" class=\"alignleft size-full wp-image-687\" title=\"vigi_meteofrance\" alt=\"\" src=\"http:\/\/www.pedagorisk.net\/enseignants\/wp-content\/uploads\/2012\/11\/vigi_meteofrance.jpg\" width=\"150\" height=\"100\" \/><\/a><a href=\"http:\/\/france.meteofrance.com\/vigilance\/Accueil\" target=\"_blank\">Vigilance m\u00e9t\u00e9o <\/a>: Conna\u00eetre les niveaux de vigilance et adapter son comportement : la carte de vigilance est consultable en permanence sur le site Internet de M\u00e9t\u00e9o-France ou info m\u00e9t\u00e9o par t\u00e9l. : 0 892 68 02 + 84 (n\u00b0du d\u00e9partement)<br \/>\nOu 0 892 68 00 00<\/p>\n<p>&nbsp;<\/p>\n<p>&nbsp;<\/p>\n<p>&nbsp;<\/p>\n<p><a href=\"http:\/\/www.lesbonsreflexes.com\/\" target=\"_blank\"><img loading=\"lazy\" class=\"alignleft size-full wp-image-1422\" alt=\"Les_bons_reflexes\" src=\"http:\/\/www.pedagorisk.net\/enseignants\/wp-content\/uploads\/2012\/11\/Les_bons_reflexes.jpg\" width=\"150\" height=\"105\" \/><\/a><a href=\"http:\/\/www.lesbonsreflexes.com\/\" target=\"_blank\">\u00ab\u00a0Les bons r\u00e9flexes\u00a0\u00bb<\/a> : Le site officiel de la campagne r\u00e9gionale d&rsquo;information sur les risques industriels majeurs en Rh\u00f4ne-Alpes en 2013,\u00a0 pr\u00e9sente <strong>les moyens d&rsquo;alerte, les consignes \u00e0 suivre en cas d&rsquo;accident industriel et nucl\u00e9aire et les conseils pour se pr\u00e9parer.<\/strong> (Onglet \u00ab\u00a0En cas d&rsquo;accident\u00a0\u00bb).<\/p>\n<p>&nbsp;<\/p>\n<p>&nbsp;<\/p>\n<p>&nbsp;<\/p>\n<p>&nbsp;<\/p>\n<p>&nbsp;<\/p>\n<p>&nbsp;<\/p>\n<p>&nbsp;<\/p>\n<p>&nbsp;<\/p>\n<p>&nbsp;<\/p>\n<p>&nbsp;<\/p>\n<p>&nbsp;<\/p>\n","protected":false},"excerpt":{"rendered":"<p>&nbsp; Consignes individuelles de s\u00e9curit\u00e9 : &nbsp; Conna\u00eetre les pictogrammes des risques et les consignes de s\u00e9curit\u00e9, conna\u00eetre et \u00e9couter le signal d&rsquo;alerte. (IRMa) &nbsp; &nbsp; &nbsp; &nbsp; &nbsp; Connaitre la sir\u00e8ne d&rsquo;alarme : &nbsp; Les sir\u00e8nes d&rsquo;alertes sur le site du minist\u00e8re de l&rsquo;Int\u00e9rieur. &nbsp; &nbsp; &nbsp; &nbsp; &nbsp; \u2026 <a href=\"http:\/\/www.pedagorisk.net\/enseignants\/consignes-de-securite\/\"> Continue reading <span class=\"meta-nav\">&rarr; <\/span><\/a><\/p>\n","protected":false},"author":1,"featured_media":495,"comment_status":"closed","ping_status":"open","sticky":false,"template":"","format":"standard","meta":[],"categories":[1],"tags":[],"_links":{"self":[{"href":"http:\/\/www.pedagorisk.net\/enseignants\/wp-json\/wp\/v2\/posts\/26"}],"collection":[{"href":"http:\/\/www.pedagorisk.net\/enseignants\/wp-json\/wp\/v2\/posts"}],"about":[{"href":"http:\/\/www.pedagorisk.net\/enseignants\/wp-json\/wp\/v2\/types\/post"}],"author":[{"embeddable":true,"href":"http:\/\/www.pedagorisk.net\/enseignants\/wp-json\/wp\/v2\/users\/1"}],"replies":[{"embeddable":true,"href":"http:\/\/www.pedagorisk.net\/enseignants\/wp-json\/wp\/v2\/comments?post=26"}],"version-history":[{"count":26,"href":"http:\/\/www.pedagorisk.net\/enseignants\/wp-json\/wp\/v2\/posts\/26\/revisions"}],"predecessor-version":[{"id":673,"href":"http:\/\/www.pedagorisk.net\/enseignants\/wp-json\/wp\/v2\/posts\/26\/revisions\/673"}],"wp:featuredmedia":[{"embeddable":true,"href":"http:\/\/www.pedagorisk.net\/enseignants\/wp-json\/wp\/v2\/media\/495"}],"wp:attachment":[{"href":"http:\/\/www.pedagorisk.net\/enseignants\/wp-json\/wp\/v2\/media?parent=26"}],"wp:term":[{"taxonomy":"category","embeddable":true,"href":"http:\/\/www.pedagorisk.net\/enseignants\/wp-json\/wp\/v2\/categories?post=26"},{"taxonomy":"post_tag","embeddable":true,"href":"http:\/\/www.pedagorisk.net\/enseignants\/wp-json\/wp\/v2\/tags?post=26"}],"curies":[{"name":"wp","href":"https:\/\/api.w.org\/{rel}","templated":true}]}}